{"id":14411,"date":"2017-11-14T16:24:46","date_gmt":"2017-11-14T16:24:46","guid":{"rendered":"https:\/\/andaluciarealty.com\/simed-la-feria-inmobiliaria-en-malaga-con-mayor-numero-de-participantes\/"},"modified":"2024-02-20T10:28:31","modified_gmt":"2024-02-20T09:28:31","slug":"simed-la-feria-inmobiliaria-en-malaga-con-mayor-numero-de-participantes","status":"publish","type":"post","link":"https:\/\/andaluciarealty.com\/es\/blog\/simed-la-feria-inmobiliaria-en-malaga-con-mayor-numero-de-participantes\/","title":{"rendered":"SIMED, Feria inmobiliaria en M\u00e1laga con mayor numero de participantes"},"content":{"rendered":"<p>El pasado fin de semana se celebr\u00f3 en el palacio de Ferias y Congresos de M\u00e1laga la d\u00e9cimo tercera edici\u00f3n de SIMED, el sal\u00f3n inmobiliario del Mediterr\u00e1neo, con m\u00e1s de 20.000 inmuebles ofertados y m\u00e1s de 150 empresas representadas.<\/p>\n<p>El sal\u00f3n inmobiliario del Mediterr\u00e1neo, es el evento inmobiliario m\u00e1s importante en la provincia de M\u00e1laga y en toda la Costa del Sol.<\/p>\n<p>Se basa en una plataforma en la que conectar a clientes potenciales con los profesionales de la zona tanto en alquiler como en <a href=\"https:\/\/andaluciarealty.com\/es\/propiedades\/\">venta de viviendas en la Costa del Sol<\/a>. En este evento est\u00e1n representados todos los principales actores del sector: inmobiliarias, promotores, consultor\u00edas, financieras\u2026<\/p>\n<p>Durante los dos d\u00edas de duraci\u00f3n de la feria se han acercado m\u00e1s de 7.500 visitantes a los stands y charlas del evento para conocer de primera mano todas las novedades del mercado inmobiliario en M\u00e1laga.<\/p>\n<p>Los ponentes han tratado temas para todos los p\u00fablicos; desde particulares, hasta vendedores o promotores. Algunos ejemplos de charlas iban desde consejos al vendedor particular para promocionar su vivienda, nuevos modelos de mercado para los agentes como franquiciados, tips de marketing o sugerencias y recomendaciones a la hora de invertir.<\/p>\n<p>En la feria tambi\u00e9n se trataron las nuevas tecnolog\u00edas y c\u00f3mo afectan estas cada vez m\u00e1s al inmobiliario creando nuevos perfiles de clientes cada vez m\u00e1s enfocados a internet y las redes sociales.<\/p>\n<p>Para el sector, la gran afluencia de visitantes ha sido un claro signo de la recuperaci\u00f3n del sector inmobiliario en la Costa del Sol, que, hasta agosto, lleva m\u00e1s de 20.000 viviendas vendidas en el a\u00f1o, lo que equivale a un 45% de todo el valor en la provincia de Andalucia.<\/p>\n<p>Nuestra agencia tambi\u00e9n form\u00f3 parte de este evento clave para el mercado inmobiliario ayudando a los clientes a<a href=\"https:\/\/andaluciarealty.com\/es\/propiedades\/\"> encontrar su casa ideal en la Costa del Sol<\/a> y gui\u00e1ndolos a trav\u00e9s del proceso de compra.<\/p>\n","protected":false},"excerpt":{"rendered":"<p>El pasado fin de semana se celebr\u00f3 en el palacio de Ferias y Congresos de M\u00e1laga la d\u00e9cimo tercera edici\u00f3n de SIMED, el sal\u00f3n inmobiliario del Mediterr\u00e1neo, con m\u00e1s de 20.000 inmuebles ofertados y m\u00e1s de 150 empresas representadas. El sal\u00f3n inmobiliario del Mediterr\u00e1neo, es el evento inmobiliario m\u00e1s importante en la provincia de M\u00e1laga [&hellip;]<\/p>\n","protected":false},"author":1,"featured_media":14412,"comment_status":"closed","ping_status":"closed","sticky":false,"template":"","format":"standard","meta":{"footnotes":""},"categories":[1179],"tags":[],"class_list":["post-14411","post","type-post","status-publish","format-standard","has-post-thumbnail","hentry","category-noticias"],"_links":{"self":[{"href":"https:\/\/andaluciarealty.com\/es\/wp-json\/wp\/v2\/posts\/14411","targetHints":{"allow":["GET"]}}],"collection":[{"href":"https:\/\/andaluciarealty.com\/es\/wp-json\/wp\/v2\/posts"}],"about":[{"href":"https:\/\/andaluciarealty.com\/es\/wp-json\/wp\/v2\/types\/post"}],"author":[{"embeddable":true,"href":"https:\/\/andaluciarealty.com\/es\/wp-json\/wp\/v2\/users\/1"}],"replies":[{"embeddable":true,"href":"https:\/\/andaluciarealty.com\/es\/wp-json\/wp\/v2\/comments?post=14411"}],"version-history":[{"count":2,"href":"https:\/\/andaluciarealty.com\/es\/wp-json\/wp\/v2\/posts\/14411\/revisions"}],"predecessor-version":[{"id":46820,"href":"https:\/\/andaluciarealty.com\/es\/wp-json\/wp\/v2\/posts\/14411\/revisions\/46820"}],"wp:featuredmedia":[{"embeddable":true,"href":"https:\/\/andaluciarealty.com\/es\/wp-json\/wp\/v2\/media\/14412"}],"wp:attachment":[{"href":"https:\/\/andaluciarealty.com\/es\/wp-json\/wp\/v2\/media?parent=14411"}],"wp:term":[{"taxonomy":"category","embeddable":true,"href":"https:\/\/andaluciarealty.com\/es\/wp-json\/wp\/v2\/categories?post=14411"},{"taxonomy":"post_tag","embeddable":true,"href":"https:\/\/andaluciarealty.com\/es\/wp-json\/wp\/v2\/tags?post=14411"}],"curies":[{"name":"wp","href":"https:\/\/api.w.org\/{rel}","templated":true}]}}