{"id":14342,"date":"2015-08-17T15:17:51","date_gmt":"2015-08-17T15:17:51","guid":{"rendered":"https:\/\/andaluciarealty.com\/marbella-es-donde-mas-casa-de-lujo-y-mas-caras-hay-en-espana\/"},"modified":"2023-01-29T15:17:48","modified_gmt":"2023-01-29T15:17:48","slug":"marbella-es-donde-mas-casa-de-lujo-y-mas-caras-hay-en-espana","status":"publish","type":"post","link":"https:\/\/andaluciarealty.com\/es\/blog\/marbella-es-donde-mas-casa-de-lujo-y-mas-caras-hay-en-espana\/","title":{"rendered":"Marbella, la ciudad donde m\u00e1s casas de lujo hay en Espa\u00f1a."},"content":{"rendered":"<p><em><strong>MARBELLA<\/strong> es la ciudad&nbsp;de Espa\u00f1a donde m\u00e1s propiedades de lujo hay.<\/em><\/p>\n<p>Una calle en <strong>Puerto Ban\u00fas<\/strong> ha sido coronada como la &#8216;m\u00e1s cara&#8217; de las propiedades de lujo en Espa\u00f1a.<\/p>\n<p>Con un promedio de precios de la vivienda de \u20ac 26.667 al mes, &nbsp;la <strong>Calle Granados es la que se sit\u00faa en cabeza del r\u00e1nking<\/strong>, con los precios m\u00e1s caros para alquilar que en cualquier otro lugar de Espa\u00f1a, seg\u00fan <strong>Idealista.com<\/strong>.<\/p>\n<p>Cabe destacar que esta exuberante calle, situada en <strong>Puerto Ban\u00fas<\/strong>,&nbsp;tiene una gran serie de <strong>chalets de lujo con vistas al mar<\/strong>.<\/p>\n<p>Segunda en la lista est\u00e1 la Calle Monestir en el barrio de Pedralbes de <strong>Barcelona<\/strong>, \u200b\u200blugar en el que est\u00e1 la antigua casa de la <strong>Infanta Cristina<\/strong>, donde los inquilinos pagan un promedio de \u20ac 20.000 al mes, seguido por la&nbsp;Avenida Tibidabo en \u20ac 14.732, y el Paseo de Los Lagos en la localidad madrile\u00f1a de <strong>Pozuelo de Alarc\u00f3n<\/strong> en \u20ac 13.855.<\/p>\n<div class=\"td-g-rec td-g-rec-id-content_inlineleft\"><strong>Ibiza<\/strong> cierra la lista de <strong>Marbella, Barcelona y Madrid<\/strong> con la Avenida Juan Carlos I, que cierra&nbsp;la lista con un valor de \u20ac 10.000 a \u20ac 10.624.<\/div>\n","protected":false},"excerpt":{"rendered":"<p>MARBELLA es la ciudad&nbsp;de Espa\u00f1a donde m\u00e1s propiedades de lujo hay. Una calle en Puerto Ban\u00fas ha sido coronada como la &#8216;m\u00e1s cara&#8217; de las propiedades de lujo en Espa\u00f1a. Con un promedio de precios de la vivienda de \u20ac 26.667 al mes, &nbsp;la Calle Granados es la que se sit\u00faa en cabeza del r\u00e1nking, [&hellip;]<\/p>\n","protected":false},"author":1,"featured_media":27353,"comment_status":"open","ping_status":"closed","sticky":false,"template":"","format":"standard","meta":{"footnotes":""},"categories":[1179],"tags":[],"class_list":["post-14342","post","type-post","status-publish","format-standard","has-post-thumbnail","hentry","category-noticias"],"_links":{"self":[{"href":"https:\/\/andaluciarealty.com\/es\/wp-json\/wp\/v2\/posts\/14342","targetHints":{"allow":["GET"]}}],"collection":[{"href":"https:\/\/andaluciarealty.com\/es\/wp-json\/wp\/v2\/posts"}],"about":[{"href":"https:\/\/andaluciarealty.com\/es\/wp-json\/wp\/v2\/types\/post"}],"author":[{"embeddable":true,"href":"https:\/\/andaluciarealty.com\/es\/wp-json\/wp\/v2\/users\/1"}],"replies":[{"embeddable":true,"href":"https:\/\/andaluciarealty.com\/es\/wp-json\/wp\/v2\/comments?post=14342"}],"version-history":[{"count":1,"href":"https:\/\/andaluciarealty.com\/es\/wp-json\/wp\/v2\/posts\/14342\/revisions"}],"predecessor-version":[{"id":14666,"href":"https:\/\/andaluciarealty.com\/es\/wp-json\/wp\/v2\/posts\/14342\/revisions\/14666"}],"wp:featuredmedia":[{"embeddable":true,"href":"https:\/\/andaluciarealty.com\/es\/wp-json\/wp\/v2\/media\/27353"}],"wp:attachment":[{"href":"https:\/\/andaluciarealty.com\/es\/wp-json\/wp\/v2\/media?parent=14342"}],"wp:term":[{"taxonomy":"category","embeddable":true,"href":"https:\/\/andaluciarealty.com\/es\/wp-json\/wp\/v2\/categories?post=14342"},{"taxonomy":"post_tag","embeddable":true,"href":"https:\/\/andaluciarealty.com\/es\/wp-json\/wp\/v2\/tags?post=14342"}],"curies":[{"name":"wp","href":"https:\/\/api.w.org\/{rel}","templated":true}]}}